{"id":23675,"date":"2022-05-09T09:17:46","date_gmt":"2022-05-09T09:17:46","guid":{"rendered":"https:\/\/eltexrecycling.ro\/uncategorized\/gestionarea-deseurilor-tot-ce-trebuie-sa-stii\/"},"modified":"2026-04-01T00:06:04","modified_gmt":"2026-04-01T00:06:04","slug":"gestionarea-deseurilor-tot-ce-trebuie-sa-stii","status":"publish","type":"post","link":"https:\/\/www.verdum.ro\/en\/blog-en\/gestionarea-deseurilor-tot-ce-trebuie-sa-stii\/","title":{"rendered":"Gestionarea de\u0219eurilor: Tot ce trebuie sa \u0219tii"},"content":{"rendered":"\t\t<div data-elementor-type=\"wp-post\" data-elementor-id=\"23675\" class=\"elementor elementor-23675\">\n\t\t\t\t\t\t\t        <section class=\"elementor-section elementor-top-section elementor-element elementor-element-2675a69 elementor-section-boxed elementor-section-height-default elementor-section-height-default\" data-id=\"2675a69\" data-element_type=\"section\">\n            \n                        <div class=\"elementor-container elementor-column-gap-default \">\n                    <div class=\"elementor-column elementor-col-100 elementor-top-column elementor-element elementor-element-ec283ad\" data-id=\"ec283ad\" data-element_type=\"column\">\n            <div class=\"elementor-widget-wrap elementor-element-populated\">\n                        \t\t<div class=\"elementor-element elementor-element-9dbfb8a elementor-widget elementor-widget-text-editor\" data-id=\"9dbfb8a\" data-element_type=\"widget\" data-widget_type=\"text-editor.default\">\n\t\t\t\t<div class=\"elementor-widget-container\">\n\t\t\t<style>\/*! elementor - v3.18.0 - 20-12-2023 *\/\n.elementor-widget-text-editor.elementor-drop-cap-view-stacked .elementor-drop-cap{background-color:#69727d;color:#fff}.elementor-widget-text-editor.elementor-drop-cap-view-framed .elementor-drop-cap{color:#69727d;border:3px solid;background-color:transparent}.elementor-widget-text-editor:not(.elementor-drop-cap-view-default) .elementor-drop-cap{margin-top:8px}.elementor-widget-text-editor:not(.elementor-drop-cap-view-default) .elementor-drop-cap-letter{width:1em;height:1em}.elementor-widget-text-editor .elementor-drop-cap{float:left;text-align:center;line-height:1;font-size:50px}.elementor-widget-text-editor .elementor-drop-cap-letter{display:inline-block}<\/style>\t\t\t\t<p class=\"p1\">Managementul de\u0219eurilor se refer\u0103 la o serie de activit\u0103\u021bi \u0219i sarcini care sunt realizate pentru a supraveghea gestionarea eficient\u0103, sigur\u0103, ecologic\u0103 \u0219i economic\u0103 a de\u0219eurilor.\u00a0<\/p><p class=\"p1\"><a href=\"https:\/\/www.verdum.ro\/solutii\/waste-management-integrat\/\" target=\"_blank\" rel=\"noopener\">Gestionarea de\u0219eurilor<\/a>\u00a0include desf\u0103\u0219urarea activit\u0103\u021bilor necesare pentru a reduce sau reutiliza materialele aruncate.<\/p>\t\t\t\t\t\t<\/div>\n\t\t\t\t<\/div>\n\t\t            <\/div>\n        <\/div>\n                            <\/div>\n        <\/section>\n                <section class=\"elementor-section elementor-top-section elementor-element elementor-element-c4baf92 elementor-section-boxed elementor-section-height-default elementor-section-height-default\" data-id=\"c4baf92\" data-element_type=\"section\">\n            \n                        <div class=\"elementor-container elementor-column-gap-default \">\n                    <div class=\"elementor-column elementor-col-100 elementor-top-column elementor-element elementor-element-12be183\" data-id=\"12be183\" data-element_type=\"column\">\n            <div class=\"elementor-widget-wrap elementor-element-populated\">\n                        \t\t<div class=\"elementor-element elementor-element-4b74033 elementor-widget elementor-widget-heading\" data-id=\"4b74033\" data-element_type=\"widget\" data-widget_type=\"heading.default\">\n\t\t\t\t<div class=\"elementor-widget-container\">\n\t\t\t<style>\/*! elementor - v3.18.0 - 20-12-2023 *\/\n.elementor-heading-title{padding:0;margin:0;line-height:1}.elementor-widget-heading .elementor-heading-title[class*=elementor-size-]>a{color:inherit;font-size:inherit;line-height:inherit}.elementor-widget-heading .elementor-heading-title.elementor-size-small{font-size:15px}.elementor-widget-heading .elementor-heading-title.elementor-size-medium{font-size:19px}.elementor-widget-heading .elementor-heading-title.elementor-size-large{font-size:29px}.elementor-widget-heading .elementor-heading-title.elementor-size-xl{font-size:39px}.elementor-widget-heading .elementor-heading-title.elementor-size-xxl{font-size:59px}<\/style><h2 class=\"elementor-heading-title elementor-size-default\">Ce reprezint\u0103 gestionarea de\u0219eurilor?\n<\/h2>\t\t<\/div>\n\t\t\t\t<\/div>\n\t\t            <\/div>\n        <\/div>\n                            <\/div>\n        <\/section>\n                <section class=\"elementor-section elementor-top-section elementor-element elementor-element-e027faa elementor-section-boxed elementor-section-height-default elementor-section-height-default\" data-id=\"e027faa\" data-element_type=\"section\">\n            \n                        <div class=\"elementor-container elementor-column-gap-default \">\n                    <div class=\"elementor-column elementor-col-100 elementor-top-column elementor-element elementor-element-f49b49d\" data-id=\"f49b49d\" data-element_type=\"column\">\n            <div class=\"elementor-widget-wrap elementor-element-populated\">\n                        \t\t<div class=\"elementor-element elementor-element-88767f3 elementor-widget elementor-widget-text-editor\" data-id=\"88767f3\" data-element_type=\"widget\" data-widget_type=\"text-editor.default\">\n\t\t\t\t<div class=\"elementor-widget-container\">\n\t\t\t\t\t\t\t<p class=\"p1\"><b>Gestionarea de\u0219eurilor este procesul de manipulare, depozitare \u0219i eliminare a materialelor reziduale.<\/b><\/p><p class=\"p1\">Acesta include at\u00e2t de\u0219eurile menajere, c\u00e2t \u0219i cele industriale. De\u0219eurile menajere includ articole precum resturile alimentare, produsele din h\u00e2rtie \u0219i de\u0219eurile din curte.\u00a0<\/p><p class=\"p1\">De\u0219eurile industriale includ articole precum substan\u021bele chimice periculoase \u0219i subprodusele industriale.<\/p>\t\t\t\t\t\t<\/div>\n\t\t\t\t<\/div>\n\t\t            <\/div>\n        <\/div>\n                            <\/div>\n        <\/section>\n                <section class=\"elementor-section elementor-top-section elementor-element elementor-element-a8adf2a elementor-section-boxed elementor-section-height-default elementor-section-height-default\" data-id=\"a8adf2a\" data-element_type=\"section\">\n            \n                        <div class=\"elementor-container elementor-column-gap-default \">\n                    <div class=\"elementor-column elementor-col-100 elementor-top-column elementor-element elementor-element-1dd9958\" data-id=\"1dd9958\" data-element_type=\"column\">\n            <div class=\"elementor-widget-wrap elementor-element-populated\">\n                        \t\t<div class=\"elementor-element elementor-element-906f904 elementor-widget elementor-widget-heading\" data-id=\"906f904\" data-element_type=\"widget\" data-widget_type=\"heading.default\">\n\t\t\t\t<div class=\"elementor-widget-container\">\n\t\t\t<h2 class=\"elementor-heading-title elementor-size-default\">Avantajele gestion\u0103rii de\u0219eurilor\n<\/h2>\t\t<\/div>\n\t\t\t\t<\/div>\n\t\t            <\/div>\n        <\/div>\n                            <\/div>\n        <\/section>\n                <section class=\"elementor-section elementor-top-section elementor-element elementor-element-3b712de elementor-section-boxed elementor-section-height-default elementor-section-height-default\" data-id=\"3b712de\" data-element_type=\"section\">\n            \n                        <div class=\"elementor-container elementor-column-gap-default \">\n                    <div class=\"elementor-column elementor-col-100 elementor-top-column elementor-element elementor-element-3e31d45\" data-id=\"3e31d45\" data-element_type=\"column\">\n            <div class=\"elementor-widget-wrap elementor-element-populated\">\n                        \t\t<div class=\"elementor-element elementor-element-fe01f1f elementor-widget elementor-widget-text-editor\" data-id=\"fe01f1f\" data-element_type=\"widget\" data-widget_type=\"text-editor.default\">\n\t\t\t\t<div class=\"elementor-widget-container\">\n\t\t\t\t\t\t\t<p class=\"p1\">Gestionarea de\u0219eurilor este vital\u0103 pentru o companie. Printre avantajele gestion\u0103rii de\u0219eurilor se num\u0103r\u0103 reducerea costurilor de produc\u021bie, \u00eendeplinirea obliga\u021biilor legislative \u0219i cre\u0219terea veniturilor.<\/p><p class=\"p3\">Exper\u021bii no\u0219tri \u00een gestionarea de\u0219eurilor v\u0103 pot vizita sediul sau pot efectua o analiz\u0103 ini\u021bial\u0103 a de\u0219eurilor <b>gratuit<\/b>. Constat\u0103rile unei astfel de vizite privind gestionarea de\u0219eurilor v\u0103 vor ajuta s\u0103 v\u0103 \u00eembun\u0103t\u0103\u021bi\u021bi opera\u021biunile de gestionare a acestora \u0219i s\u0103 reduce\u021bi costurile.<\/p>\t\t\t\t\t\t<\/div>\n\t\t\t\t<\/div>\n\t\t            <\/div>\n        <\/div>\n                            <\/div>\n        <\/section>\n                <section class=\"elementor-section elementor-top-section elementor-element elementor-element-d5a6e41 elementor-section-boxed elementor-section-height-default elementor-section-height-default\" data-id=\"d5a6e41\" data-element_type=\"section\">\n            \n                        <div class=\"elementor-container elementor-column-gap-default \">\n                    <div class=\"elementor-column elementor-col-100 elementor-top-column elementor-element elementor-element-19ee8b7\" data-id=\"19ee8b7\" data-element_type=\"column\">\n            <div class=\"elementor-widget-wrap elementor-element-populated\">\n                        \t\t<div class=\"elementor-element elementor-element-29b7023 elementor-widget elementor-widget-heading\" data-id=\"29b7023\" data-element_type=\"widget\" data-widget_type=\"heading.default\">\n\t\t\t\t<div class=\"elementor-widget-container\">\n\t\t\t<h2 class=\"elementor-heading-title elementor-size-default\">Rolul nostru \u00een gestionarea de\u0219eurilor<\/h2>\t\t<\/div>\n\t\t\t\t<\/div>\n\t\t            <\/div>\n        <\/div>\n                            <\/div>\n        <\/section>\n                <section class=\"elementor-section elementor-top-section elementor-element elementor-element-8dd8a23 elementor-section-boxed elementor-section-height-default elementor-section-height-default\" data-id=\"8dd8a23\" data-element_type=\"section\">\n            \n                        <div class=\"elementor-container elementor-column-gap-default \">\n                    <div class=\"elementor-column elementor-col-100 elementor-top-column elementor-element elementor-element-3f0278a\" data-id=\"3f0278a\" data-element_type=\"column\">\n            <div class=\"elementor-widget-wrap elementor-element-populated\">\n                        \t\t<div class=\"elementor-element elementor-element-4bf6f5f elementor-widget elementor-widget-text-editor\" data-id=\"4bf6f5f\" data-element_type=\"widget\" data-widget_type=\"text-editor.default\">\n\t\t\t\t<div class=\"elementor-widget-container\">\n\t\t\t\t\t\t\t<p class=\"p1\">\u00centr-o fabric\u0103 exist\u0103 o varietate de de\u0219euri generate din produse deteriorate, neconforme, voluminoase sau amestecate, dar \u0219i de de\u0219euri organice \u0219i n\u0103moluri sau periculoase.<\/p><p class=\"p1\">Verdum are o abordare diferit\u0103 fa\u021b\u0103 de firmele de colectare de\u0219euri, \u00een sensul c\u0103 noi ne desf\u0103\u0219ur\u0103m activitatea pe amplasamentul clien\u021bilor no\u0219tri, cu utilajele \u0219i personalul Verdum.\u00a0<\/p><p class=\"p1\"><a style=\"font-family: inherit; font-weight: inherit; background-color: #ffffff; letter-spacing: 0px;\" href=\"https:\/\/eltexrecycling.ro\/servicii\/\" target=\"_blank\" rel=\"noopener\">Solu\u021biile<\/a>\u00a0oferite de noi nu se rezum\u0103 doar la a reduce pierderile din procesul de colectare, ci \u0219i din cele materiale. Acest lucru \u00eenseamn\u0103 c\u0103 reu\u0219im s\u0103 implement\u0103m variante de lucru care s\u0103 genereze mai pu\u021bin de\u0219eu, \u0219i fiind prezen\u021bi \u00een fabricile clien\u021bilor, avem acea privire de ansamblu \u00eenc\u0103 de la \u00eenceputul procesului de produc\u021bie p\u00e2n\u0103 la final.<span class=\"Apple-converted-space\">\u00a0<\/span><\/p><p class=\"p3\">Oferim un management complet al de\u0219eurilor, ceea ce \u00eenseamn\u0103 c\u0103 avem solu\u021bii pentru \u00eentregul proces al gestion\u0103rii de\u0219eurilor generate de compania dumneavoastr\u0103.<span class=\"Apple-converted-space\">\u00a0<\/span><\/p><p class=\"p5\">\u00cen loc s\u0103 externaliza\u021bi diverse servicii de colectare, reciclare, valorificare, eliminare, transport, ve\u021bi avea o<span class=\"Apple-converted-space\">\u00a0 <\/span>singur\u0103 companie de gestionare a de\u0219eurilor.\u00a0<\/p><p class=\"p5\">Noi suntem un furnizor cu servicii complete de gestionare a de\u0219eurilor, aceasta fiind cea mai sigur\u0103 \u0219i eficient\u0103 modalitate de a men\u021bine conformitatea cu de\u0219eurile generate.<\/p>\t\t\t\t\t\t<\/div>\n\t\t\t\t<\/div>\n\t\t            <\/div>\n        <\/div>\n                            <\/div>\n        <\/section>\n                <section class=\"elementor-section elementor-top-section elementor-element elementor-element-9f5c805 elementor-section-boxed elementor-section-height-default elementor-section-height-default\" data-id=\"9f5c805\" data-element_type=\"section\">\n            \n                        <div class=\"elementor-container elementor-column-gap-default \">\n                    <div class=\"elementor-column elementor-col-100 elementor-top-column elementor-element elementor-element-609b5d1\" data-id=\"609b5d1\" data-element_type=\"column\">\n            <div class=\"elementor-widget-wrap elementor-element-populated\">\n                        \t\t<div class=\"elementor-element elementor-element-ade4caa elementor-widget elementor-widget-image\" data-id=\"ade4caa\" data-element_type=\"widget\" data-widget_type=\"image.default\">\n\t\t\t\t<div class=\"elementor-widget-container\">\n\t\t\t<style>\/*! elementor - v3.18.0 - 20-12-2023 *\/\n.elementor-widget-image{text-align:center}.elementor-widget-image a{display:inline-block}.elementor-widget-image a img[src$=\".svg\"]{width:48px}.elementor-widget-image img{vertical-align:middle;display:inline-block}<\/style>\t\t\t\t\t\t\t\t\t\t\t\t<img fetchpriority=\"high\" decoding=\"async\" width=\"640\" height=\"335\" src=\"https:\/\/www.verdum.ro\/wp-content\/uploads\/2022\/05\/gestionarea-deseurilor-1024x536.jpg\" class=\"attachment-large size-large wp-image-22839\" alt=\"Management deseuri\" srcset=\"https:\/\/www.verdum.ro\/wp-content\/uploads\/2022\/05\/gestionarea-deseurilor-1024x536.jpg 1024w, https:\/\/www.verdum.ro\/wp-content\/uploads\/2022\/05\/gestionarea-deseurilor-300x157.jpg 300w, https:\/\/www.verdum.ro\/wp-content\/uploads\/2022\/05\/gestionarea-deseurilor-768x402.jpg 768w, https:\/\/www.verdum.ro\/wp-content\/uploads\/2022\/05\/gestionarea-deseurilor.jpg 1200w\" sizes=\"(max-width: 640px) 100vw, 640px\" \/>\t\t\t\t\t\t\t\t\t\t\t\t\t\t\t<\/div>\n\t\t\t\t<\/div>\n\t\t            <\/div>\n        <\/div>\n                            <\/div>\n        <\/section>\n                <section class=\"elementor-section elementor-top-section elementor-element elementor-element-8c3fef6 elementor-section-boxed elementor-section-height-default elementor-section-height-default\" data-id=\"8c3fef6\" data-element_type=\"section\">\n            \n                        <div class=\"elementor-container elementor-column-gap-default \">\n                    <div class=\"elementor-column elementor-col-100 elementor-top-column elementor-element elementor-element-5d3d834\" data-id=\"5d3d834\" data-element_type=\"column\">\n            <div class=\"elementor-widget-wrap elementor-element-populated\">\n                        \t\t<div class=\"elementor-element elementor-element-74820f4 elementor-widget elementor-widget-heading\" data-id=\"74820f4\" data-element_type=\"widget\" data-widget_type=\"heading.default\">\n\t\t\t\t<div class=\"elementor-widget-container\">\n\t\t\t<h2 class=\"elementor-heading-title elementor-size-default\">De ce s\u0103 alegi Verdum pentru managementul de\u0219eurilor?<\/h2>\t\t<\/div>\n\t\t\t\t<\/div>\n\t\t            <\/div>\n        <\/div>\n                            <\/div>\n        <\/section>\n                <section class=\"elementor-section elementor-top-section elementor-element elementor-element-15076a9 elementor-section-boxed elementor-section-height-default elementor-section-height-default\" data-id=\"15076a9\" data-element_type=\"section\">\n            \n                        <div class=\"elementor-container elementor-column-gap-default \">\n                    <div class=\"elementor-column elementor-col-100 elementor-top-column elementor-element elementor-element-eabad57\" data-id=\"eabad57\" data-element_type=\"column\">\n            <div class=\"elementor-widget-wrap elementor-element-populated\">\n                        \t\t<div class=\"elementor-element elementor-element-a22dceb elementor-widget elementor-widget-text-editor\" data-id=\"a22dceb\" data-element_type=\"widget\" data-widget_type=\"text-editor.default\">\n\t\t\t\t<div class=\"elementor-widget-container\">\n\t\t\t\t\t\t\t<p class=\"p1\">Serviciile<span class=\"Apple-converted-space\">\u00a0 <\/span>noastre <span class=\"Apple-converted-space\">\u00a0 <\/span>de<span class=\"Apple-converted-space\">\u00a0 <\/span>gestionare<span class=\"Apple-converted-space\">\u00a0 <\/span>a<span class=\"Apple-converted-space\">\u00a0 <\/span>de\u0219eurilor<span class=\"Apple-converted-space\">\u00a0 <\/span>\u00eenseamn\u0103<span class=\"Apple-converted-space\">\u00a0 <\/span>mai<span class=\"Apple-converted-space\">\u00a0 <\/span>mult<span class=\"Apple-converted-space\">\u00a0 <\/span>dec\u00e2t amplasarea \u0219i golirea ulterioar\u0103 a containerelor de colectare a de\u0219eurilor \u0219i transportul acestora c\u0103tre reciclare sau eliminare.\u00a0<\/p><p class=\"p1\">Prin ceea ce facem intervenim \u00eenc\u0103 din linia de produc\u021bie \u0219i eficientiz\u0103m traseul de\u0219eurilor p\u00e2n\u0103 la solu\u021bia final\u0103. \u00cenc\u0103 sunt fabrici care nu \u00ee\u0219i c\u00e2nt\u0103resc de\u0219eurile sau care nu cunosc<span class=\"Apple-converted-space\">\u00a0 <\/span>costurile reale ale gestion\u0103rii de\u0219eurilor sau rebuturilor.<span class=\"Apple-converted-space\">\u00a0<\/span><\/p><p class=\"p1\">Practic, noi ne concentr\u0103m pe devierea de\u0219eurilor existente, g\u0103sind variante pentru reducerea, reutilizarea, compostarea, reciclarea sau trimiterea de\u0219eurilor c\u0103tre instala\u021bii de recuperare a energiei.\u00a0<\/p><p class=\"p1\"><span class=\"s1\">Indiferent dac\u0103 genera\u021bi volume mari de de\u0219euri, de reciclat sau de\u0219euri periculoase, fie c\u0103 v\u0103 concentra\u021bi pe reducerea amprentei de carbon, v\u0103 vom ajuta s\u0103 v\u0103 atinge\u021bi obiectivele de business.<span class=\"Apple-converted-space\">\u00a0<\/span><\/span><\/p><p class=\"p1\">Produc\u0103torii \u00ee\u0219i dau seama c\u0103 de\u0219eurile lor pot fi folosite pentru a produce c\u0103ldur\u0103 sau electricitate, \u00eenlocuind<span class=\"Apple-converted-space\">\u00a0 <\/span>energia produs\u0103 de combustibilii fosili. Acest lucru se reflect\u0103 \u0219i \u00een diminuarea costurilor \u0219i reducerea impactului companiei asupra mediului.<span class=\"Apple-converted-space\">\u00a0<\/span><\/p><p class=\"p2\">Po\u021bi face toate acestea cu un singur partener &#8211; Verdum.<\/p>\t\t\t\t\t\t<\/div>\n\t\t\t\t<\/div>\n\t\t            <\/div>\n        <\/div>\n                            <\/div>\n        <\/section>\n                <section class=\"elementor-section elementor-top-section elementor-element elementor-element-05033cf elementor-section-boxed elementor-section-height-default elementor-section-height-default\" data-id=\"05033cf\" data-element_type=\"section\">\n            \n                        <div class=\"elementor-container elementor-column-gap-default \">\n                    <div class=\"elementor-column elementor-col-100 elementor-top-column elementor-element elementor-element-4d17d32\" data-id=\"4d17d32\" data-element_type=\"column\">\n            <div class=\"elementor-widget-wrap elementor-element-populated\">\n                        \t\t<div class=\"elementor-element elementor-element-6837ce4 elementor-widget elementor-widget-heading\" data-id=\"6837ce4\" data-element_type=\"widget\" data-widget_type=\"heading.default\">\n\t\t\t\t<div class=\"elementor-widget-container\">\n\t\t\t<h2 class=\"elementor-heading-title elementor-size-default\">Concluzie<\/h2>\t\t<\/div>\n\t\t\t\t<\/div>\n\t\t            <\/div>\n        <\/div>\n                            <\/div>\n        <\/section>\n                <section class=\"elementor-section elementor-top-section elementor-element elementor-element-8983af0 elementor-section-boxed elementor-section-height-default elementor-section-height-default\" data-id=\"8983af0\" data-element_type=\"section\">\n            \n                        <div class=\"elementor-container elementor-column-gap-default \">\n                    <div class=\"elementor-column elementor-col-100 elementor-top-column elementor-element elementor-element-519d14c\" data-id=\"519d14c\" data-element_type=\"column\">\n            <div class=\"elementor-widget-wrap elementor-element-populated\">\n                        \t\t<div class=\"elementor-element elementor-element-770f475 elementor-widget elementor-widget-text-editor\" data-id=\"770f475\" data-element_type=\"widget\" data-widget_type=\"text-editor.default\">\n\t\t\t\t<div class=\"elementor-widget-container\">\n\t\t\t\t\t\t\t<p class=\"p1\">Gestionarea de\u0219eurilor este un proces care include colectarea, transportul, tratarea \u0219i eliminarea de\u0219eurilor. Este un proces complex, care necesit\u0103 implicarea diferitelor p\u0103r\u021bi interesate.<span class=\"Apple-converted-space\">\u00a0<\/span><\/p><p class=\"p1\">Cu toate acestea, dac\u0103 dispunem de cuno\u0219tin\u021be necesare, gestionarea de\u0219eurilor poate fi realizat\u0103 \u00een mod eficient pentru a proteja mediul \u0219i s\u0103n\u0103tatea oamenilor, dar \u0219i pentru a optimiza costurile \u0219i cre\u0219te rata de reciclare a companiilor.<span class=\"Apple-converted-space\">\u00a0<\/span><\/p><p class=\"p3\">Suntem lideri \u00een ceea ce prive\u0219te gestionarea de\u0219eurilor industriale, oferind o solu\u021bie implementabil\u0103 imediat, f\u0103r\u0103 a avea nevoie de intermediari. Gestion\u0103m de\u0219eurile pentru unele dintre cele mai mari companii produc\u0103toare din Rom\u00e2nia \u0219i oferim rezultate reale \u0219i m\u0103surabile.<span class=\"Apple-converted-space\">\u00a0<\/span><\/p><p class=\"p3\">Dac\u0103 ai nevoie \u0219i tu de o analiz\u0103 pentru compania ta cu privire la gestionarea de\u0219eurilor po\u021bi solicita oric\u00e2nd o vizit\u0103 gratuit\u0103 \u00een fabrica ta din partea speciali\u0219tilor Verdum, f\u0103r\u0103 obliga\u021bii.<span class=\"Apple-converted-space\">\u00a0<\/span><\/p>\t\t\t\t\t\t<\/div>\n\t\t\t\t<\/div>\n\t\t            <\/div>\n        <\/div>\n                            <\/div>\n        <\/section>\n        \t\t\t\t\t<\/div>\n\t\t","protected":false},"excerpt":{"rendered":"<p>Managementul de\u0219eurilor se refer\u0103 la o serie de activit\u0103\u021bi \u0219i sarcini care sunt realizate pentru a supraveghea gestionarea eficient\u0103, sigur\u0103, ecologic\u0103 \u0219i economic\u0103 a de\u0219eurilor.\u00a0 Gestionarea de\u0219eurilor\u00a0include desf\u0103\u0219urarea activit\u0103\u021bilor necesare pentru a reduce sau reutiliza materialele aruncate. Ce reprezint\u0103 gestionarea de\u0219eurilor? Gestionarea de\u0219eurilor este procesul de manipulare, depozitare \u0219i eliminare a materialelor reziduale. Acesta include [&hellip;]<\/p>\n","protected":false},"author":2,"featured_media":23466,"comment_status":"open","ping_status":"open","sticky":false,"template":"","format":"standard","meta":{"_themeisle_gutenberg_block_has_review":false,"footnotes":""},"categories":[82],"tags":[86],"class_list":["post-23675","post","type-post","status-publish","format-standard","has-post-thumbnail","hentry","category-blog-en","tag-gestionarea-deseurilor-en"],"yoast_head":"<!-- This site is optimized with the Yoast SEO plugin v27.2 - https:\/\/yoast.com\/product\/yoast-seo-wordpress\/ -->\n<title>Gestionarea de\u0219eurilor: Tot ce trebuie sa \u0219tii - Verdum<\/title>\n<meta name=\"robots\" content=\"index, follow, max-snippet:-1, max-image-preview:large, max-video-preview:-1\" \/>\n<link rel=\"canonical\" href=\"https:\/\/www.verdum.ro\/en\/blog-en\/gestionarea-deseurilor-tot-ce-trebuie-sa-stii\/\" \/>\n<meta property=\"og:locale\" content=\"en_US\" \/>\n<meta property=\"og:type\" content=\"article\" \/>\n<meta property=\"og:title\" content=\"Gestionarea de\u0219eurilor: Tot ce trebuie sa \u0219tii - Verdum\" \/>\n<meta property=\"og:description\" content=\"Managementul de\u0219eurilor se refer\u0103 la o serie de activit\u0103\u021bi \u0219i sarcini care sunt realizate pentru a supraveghea gestionarea eficient\u0103, sigur\u0103, ecologic\u0103 \u0219i economic\u0103 a de\u0219eurilor.\u00a0 Gestionarea de\u0219eurilor\u00a0include desf\u0103\u0219urarea activit\u0103\u021bilor necesare pentru a reduce sau reutiliza materialele aruncate. Ce reprezint\u0103 gestionarea de\u0219eurilor? Gestionarea de\u0219eurilor este procesul de manipulare, depozitare \u0219i eliminare a materialelor reziduale. Acesta include [&hellip;]\" \/>\n<meta property=\"og:url\" content=\"https:\/\/www.verdum.ro\/en\/blog-en\/gestionarea-deseurilor-tot-ce-trebuie-sa-stii\/\" \/>\n<meta property=\"og:site_name\" content=\"Verdum\" \/>\n<meta property=\"article:published_time\" content=\"2022-05-09T09:17:46+00:00\" \/>\n<meta property=\"article:modified_time\" content=\"2026-04-01T00:06:04+00:00\" \/>\n<meta property=\"og:image\" content=\"https:\/\/www.verdum.ro\/wp-content\/uploads\/2022\/05\/Eltex_Linkedin_1200x628-2-2.jpg\" \/>\n\t<meta property=\"og:image:width\" content=\"1200\" \/>\n\t<meta property=\"og:image:height\" content=\"628\" \/>\n\t<meta property=\"og:image:type\" content=\"image\/jpeg\" \/>\n<meta name=\"author\" content=\"Verdum\" \/>\n<meta name=\"twitter:card\" content=\"summary_large_image\" \/>\n<meta name=\"twitter:label1\" content=\"Written by\" \/>\n\t<meta name=\"twitter:data1\" content=\"Verdum\" \/>\n\t<meta name=\"twitter:label2\" content=\"Est. reading time\" \/>\n\t<meta name=\"twitter:data2\" content=\"4 minutes\" \/>\n<script type=\"application\/ld+json\" class=\"yoast-schema-graph\">{\"@context\":\"https:\/\/schema.org\",\"@graph\":[{\"@type\":\"Article\",\"@id\":\"https:\/\/www.verdum.ro\/en\/blog-en\/gestionarea-deseurilor-tot-ce-trebuie-sa-stii\/#article\",\"isPartOf\":{\"@id\":\"https:\/\/www.verdum.ro\/en\/blog-en\/gestionarea-deseurilor-tot-ce-trebuie-sa-stii\/\"},\"author\":{\"name\":\"Verdum\",\"@id\":\"https:\/\/www.verdum.ro\/#\/schema\/person\/16257b2a9f0bee9fb25bdbf7e395b305\"},\"headline\":\"Gestionarea de\u0219eurilor: Tot ce trebuie sa \u0219tii\",\"datePublished\":\"2022-05-09T09:17:46+00:00\",\"dateModified\":\"2026-04-01T00:06:04+00:00\",\"mainEntityOfPage\":{\"@id\":\"https:\/\/www.verdum.ro\/en\/blog-en\/gestionarea-deseurilor-tot-ce-trebuie-sa-stii\/\"},\"wordCount\":767,\"commentCount\":0,\"image\":{\"@id\":\"https:\/\/www.verdum.ro\/en\/blog-en\/gestionarea-deseurilor-tot-ce-trebuie-sa-stii\/#primaryimage\"},\"thumbnailUrl\":\"https:\/\/www.verdum.ro\/wp-content\/uploads\/2022\/05\/Eltex_Linkedin_1200x628-2-2.jpg\",\"keywords\":[\"gestionarea deseurilor\"],\"articleSection\":[\"blog\"],\"inLanguage\":\"en-US\",\"potentialAction\":[{\"@type\":\"CommentAction\",\"name\":\"Comment\",\"target\":[\"https:\/\/www.verdum.ro\/en\/blog-en\/gestionarea-deseurilor-tot-ce-trebuie-sa-stii\/#respond\"]}]},{\"@type\":\"WebPage\",\"@id\":\"https:\/\/www.verdum.ro\/en\/blog-en\/gestionarea-deseurilor-tot-ce-trebuie-sa-stii\/\",\"url\":\"https:\/\/www.verdum.ro\/en\/blog-en\/gestionarea-deseurilor-tot-ce-trebuie-sa-stii\/\",\"name\":\"Gestionarea de\u0219eurilor: Tot ce trebuie sa \u0219tii - Verdum\",\"isPartOf\":{\"@id\":\"https:\/\/www.verdum.ro\/#website\"},\"primaryImageOfPage\":{\"@id\":\"https:\/\/www.verdum.ro\/en\/blog-en\/gestionarea-deseurilor-tot-ce-trebuie-sa-stii\/#primaryimage\"},\"image\":{\"@id\":\"https:\/\/www.verdum.ro\/en\/blog-en\/gestionarea-deseurilor-tot-ce-trebuie-sa-stii\/#primaryimage\"},\"thumbnailUrl\":\"https:\/\/www.verdum.ro\/wp-content\/uploads\/2022\/05\/Eltex_Linkedin_1200x628-2-2.jpg\",\"datePublished\":\"2022-05-09T09:17:46+00:00\",\"dateModified\":\"2026-04-01T00:06:04+00:00\",\"author\":{\"@id\":\"https:\/\/www.verdum.ro\/#\/schema\/person\/16257b2a9f0bee9fb25bdbf7e395b305\"},\"breadcrumb\":{\"@id\":\"https:\/\/www.verdum.ro\/en\/blog-en\/gestionarea-deseurilor-tot-ce-trebuie-sa-stii\/#breadcrumb\"},\"inLanguage\":\"en-US\",\"potentialAction\":[{\"@type\":\"ReadAction\",\"target\":[\"https:\/\/www.verdum.ro\/en\/blog-en\/gestionarea-deseurilor-tot-ce-trebuie-sa-stii\/\"]}]},{\"@type\":\"ImageObject\",\"inLanguage\":\"en-US\",\"@id\":\"https:\/\/www.verdum.ro\/en\/blog-en\/gestionarea-deseurilor-tot-ce-trebuie-sa-stii\/#primaryimage\",\"url\":\"https:\/\/www.verdum.ro\/wp-content\/uploads\/2022\/05\/Eltex_Linkedin_1200x628-2-2.jpg\",\"contentUrl\":\"https:\/\/www.verdum.ro\/wp-content\/uploads\/2022\/05\/Eltex_Linkedin_1200x628-2-2.jpg\",\"width\":1200,\"height\":628,\"caption\":\"Gestionare deseuri fabrici\"},{\"@type\":\"BreadcrumbList\",\"@id\":\"https:\/\/www.verdum.ro\/en\/blog-en\/gestionarea-deseurilor-tot-ce-trebuie-sa-stii\/#breadcrumb\",\"itemListElement\":[{\"@type\":\"ListItem\",\"position\":1,\"name\":\"Prima pagin\u0103\",\"item\":\"https:\/\/www.verdum.ro\/\"},{\"@type\":\"ListItem\",\"position\":2,\"name\":\"Gestionarea de\u0219eurilor: Tot ce trebuie sa \u0219tii\"}]},{\"@type\":\"WebSite\",\"@id\":\"https:\/\/www.verdum.ro\/#website\",\"url\":\"https:\/\/www.verdum.ro\/\",\"name\":\"Verdum\",\"description\":\"Circularity Driven Solutions\",\"potentialAction\":[{\"@type\":\"SearchAction\",\"target\":{\"@type\":\"EntryPoint\",\"urlTemplate\":\"https:\/\/www.verdum.ro\/?s={search_term_string}\"},\"query-input\":{\"@type\":\"PropertyValueSpecification\",\"valueRequired\":true,\"valueName\":\"search_term_string\"}}],\"inLanguage\":\"en-US\"},{\"@type\":\"Person\",\"@id\":\"https:\/\/www.verdum.ro\/#\/schema\/person\/16257b2a9f0bee9fb25bdbf7e395b305\",\"name\":\"Verdum\",\"url\":\"https:\/\/www.verdum.ro\/en\/author\/mihaela\/\"}]}<\/script>\n<!-- \/ Yoast SEO plugin. -->","yoast_head_json":{"title":"Gestionarea de\u0219eurilor: Tot ce trebuie sa \u0219tii - Verdum","robots":{"index":"index","follow":"follow","max-snippet":"max-snippet:-1","max-image-preview":"max-image-preview:large","max-video-preview":"max-video-preview:-1"},"canonical":"https:\/\/www.verdum.ro\/en\/blog-en\/gestionarea-deseurilor-tot-ce-trebuie-sa-stii\/","og_locale":"en_US","og_type":"article","og_title":"Gestionarea de\u0219eurilor: Tot ce trebuie sa \u0219tii - Verdum","og_description":"Managementul de\u0219eurilor se refer\u0103 la o serie de activit\u0103\u021bi \u0219i sarcini care sunt realizate pentru a supraveghea gestionarea eficient\u0103, sigur\u0103, ecologic\u0103 \u0219i economic\u0103 a de\u0219eurilor.\u00a0 Gestionarea de\u0219eurilor\u00a0include desf\u0103\u0219urarea activit\u0103\u021bilor necesare pentru a reduce sau reutiliza materialele aruncate. Ce reprezint\u0103 gestionarea de\u0219eurilor? Gestionarea de\u0219eurilor este procesul de manipulare, depozitare \u0219i eliminare a materialelor reziduale. Acesta include [&hellip;]","og_url":"https:\/\/www.verdum.ro\/en\/blog-en\/gestionarea-deseurilor-tot-ce-trebuie-sa-stii\/","og_site_name":"Verdum","article_published_time":"2022-05-09T09:17:46+00:00","article_modified_time":"2026-04-01T00:06:04+00:00","og_image":[{"width":1200,"height":628,"url":"https:\/\/www.verdum.ro\/wp-content\/uploads\/2022\/05\/Eltex_Linkedin_1200x628-2-2.jpg","type":"image\/jpeg"}],"author":"Verdum","twitter_card":"summary_large_image","twitter_misc":{"Written by":"Verdum","Est. reading time":"4 minutes"},"schema":{"@context":"https:\/\/schema.org","@graph":[{"@type":"Article","@id":"https:\/\/www.verdum.ro\/en\/blog-en\/gestionarea-deseurilor-tot-ce-trebuie-sa-stii\/#article","isPartOf":{"@id":"https:\/\/www.verdum.ro\/en\/blog-en\/gestionarea-deseurilor-tot-ce-trebuie-sa-stii\/"},"author":{"name":"Verdum","@id":"https:\/\/www.verdum.ro\/#\/schema\/person\/16257b2a9f0bee9fb25bdbf7e395b305"},"headline":"Gestionarea de\u0219eurilor: Tot ce trebuie sa \u0219tii","datePublished":"2022-05-09T09:17:46+00:00","dateModified":"2026-04-01T00:06:04+00:00","mainEntityOfPage":{"@id":"https:\/\/www.verdum.ro\/en\/blog-en\/gestionarea-deseurilor-tot-ce-trebuie-sa-stii\/"},"wordCount":767,"commentCount":0,"image":{"@id":"https:\/\/www.verdum.ro\/en\/blog-en\/gestionarea-deseurilor-tot-ce-trebuie-sa-stii\/#primaryimage"},"thumbnailUrl":"https:\/\/www.verdum.ro\/wp-content\/uploads\/2022\/05\/Eltex_Linkedin_1200x628-2-2.jpg","keywords":["gestionarea deseurilor"],"articleSection":["blog"],"inLanguage":"en-US","potentialAction":[{"@type":"CommentAction","name":"Comment","target":["https:\/\/www.verdum.ro\/en\/blog-en\/gestionarea-deseurilor-tot-ce-trebuie-sa-stii\/#respond"]}]},{"@type":"WebPage","@id":"https:\/\/www.verdum.ro\/en\/blog-en\/gestionarea-deseurilor-tot-ce-trebuie-sa-stii\/","url":"https:\/\/www.verdum.ro\/en\/blog-en\/gestionarea-deseurilor-tot-ce-trebuie-sa-stii\/","name":"Gestionarea de\u0219eurilor: Tot ce trebuie sa \u0219tii - Verdum","isPartOf":{"@id":"https:\/\/www.verdum.ro\/#website"},"primaryImageOfPage":{"@id":"https:\/\/www.verdum.ro\/en\/blog-en\/gestionarea-deseurilor-tot-ce-trebuie-sa-stii\/#primaryimage"},"image":{"@id":"https:\/\/www.verdum.ro\/en\/blog-en\/gestionarea-deseurilor-tot-ce-trebuie-sa-stii\/#primaryimage"},"thumbnailUrl":"https:\/\/www.verdum.ro\/wp-content\/uploads\/2022\/05\/Eltex_Linkedin_1200x628-2-2.jpg","datePublished":"2022-05-09T09:17:46+00:00","dateModified":"2026-04-01T00:06:04+00:00","author":{"@id":"https:\/\/www.verdum.ro\/#\/schema\/person\/16257b2a9f0bee9fb25bdbf7e395b305"},"breadcrumb":{"@id":"https:\/\/www.verdum.ro\/en\/blog-en\/gestionarea-deseurilor-tot-ce-trebuie-sa-stii\/#breadcrumb"},"inLanguage":"en-US","potentialAction":[{"@type":"ReadAction","target":["https:\/\/www.verdum.ro\/en\/blog-en\/gestionarea-deseurilor-tot-ce-trebuie-sa-stii\/"]}]},{"@type":"ImageObject","inLanguage":"en-US","@id":"https:\/\/www.verdum.ro\/en\/blog-en\/gestionarea-deseurilor-tot-ce-trebuie-sa-stii\/#primaryimage","url":"https:\/\/www.verdum.ro\/wp-content\/uploads\/2022\/05\/Eltex_Linkedin_1200x628-2-2.jpg","contentUrl":"https:\/\/www.verdum.ro\/wp-content\/uploads\/2022\/05\/Eltex_Linkedin_1200x628-2-2.jpg","width":1200,"height":628,"caption":"Gestionare deseuri fabrici"},{"@type":"BreadcrumbList","@id":"https:\/\/www.verdum.ro\/en\/blog-en\/gestionarea-deseurilor-tot-ce-trebuie-sa-stii\/#breadcrumb","itemListElement":[{"@type":"ListItem","position":1,"name":"Prima pagin\u0103","item":"https:\/\/www.verdum.ro\/"},{"@type":"ListItem","position":2,"name":"Gestionarea de\u0219eurilor: Tot ce trebuie sa \u0219tii"}]},{"@type":"WebSite","@id":"https:\/\/www.verdum.ro\/#website","url":"https:\/\/www.verdum.ro\/","name":"Verdum","description":"Circularity Driven Solutions","potentialAction":[{"@type":"SearchAction","target":{"@type":"EntryPoint","urlTemplate":"https:\/\/www.verdum.ro\/?s={search_term_string}"},"query-input":{"@type":"PropertyValueSpecification","valueRequired":true,"valueName":"search_term_string"}}],"inLanguage":"en-US"},{"@type":"Person","@id":"https:\/\/www.verdum.ro\/#\/schema\/person\/16257b2a9f0bee9fb25bdbf7e395b305","name":"Verdum","url":"https:\/\/www.verdum.ro\/en\/author\/mihaela\/"}]}},"_links":{"self":[{"href":"https:\/\/www.verdum.ro\/en\/wp-json\/wp\/v2\/posts\/23675","targetHints":{"allow":["GET"]}}],"collection":[{"href":"https:\/\/www.verdum.ro\/en\/wp-json\/wp\/v2\/posts"}],"about":[{"href":"https:\/\/www.verdum.ro\/en\/wp-json\/wp\/v2\/types\/post"}],"author":[{"embeddable":true,"href":"https:\/\/www.verdum.ro\/en\/wp-json\/wp\/v2\/users\/2"}],"replies":[{"embeddable":true,"href":"https:\/\/www.verdum.ro\/en\/wp-json\/wp\/v2\/comments?post=23675"}],"version-history":[{"count":10,"href":"https:\/\/www.verdum.ro\/en\/wp-json\/wp\/v2\/posts\/23675\/revisions"}],"predecessor-version":[{"id":30465,"href":"https:\/\/www.verdum.ro\/en\/wp-json\/wp\/v2\/posts\/23675\/revisions\/30465"}],"wp:featuredmedia":[{"embeddable":true,"href":"https:\/\/www.verdum.ro\/en\/wp-json\/wp\/v2\/media\/23466"}],"wp:attachment":[{"href":"https:\/\/www.verdum.ro\/en\/wp-json\/wp\/v2\/media?parent=23675"}],"wp:term":[{"taxonomy":"category","embeddable":true,"href":"https:\/\/www.verdum.ro\/en\/wp-json\/wp\/v2\/categories?post=23675"},{"taxonomy":"post_tag","embeddable":true,"href":"https:\/\/www.verdum.ro\/en\/wp-json\/wp\/v2\/tags?post=23675"}],"curies":[{"name":"wp","href":"https:\/\/api.w.org\/{rel}","templated":true}]}}